{"id":19724,"date":"2021-01-07T20:01:56","date_gmt":"2021-01-07T19:01:56","guid":{"rendered":"https:\/\/p-xq7l1i.project.space\/?p=19724"},"modified":"2022-07-11T15:22:58","modified_gmt":"2022-07-11T13:22:58","slug":"stefan-deuschl-neuer-analyst-bei-aquin","status":"publish","type":"post","link":"https:\/\/aquin.com\/de\/stefan-deuschl-neuer-analyst-bei-aquin\/","title":{"rendered":"Stefan Deuschl \u2013 Neuer Analyst bei Aquin"},"content":{"rendered":"<p>Wir freuen uns sehr, Stefan Deuschl als neuen Analysten im M\u00fcnchner B\u00fcro begr\u00fc\u00dfen zu d\u00fcrfen. Herr Deuschl hat zuvor seinen Master-Abschluss in Accounting &amp; Finance an der Universit\u00e4t Klagenfurt erfolgreich abgeschlossen und konnte bereits erste M&amp;A-Erfahrung unter anderem bei Airbus sammeln.<\/p>\n<p>Herzlich Willkommen im Team!<\/p>\n<p><a class=\"icon-zu-text\" href=\"https:\/\/aquin.com\/de\/person\/stefan-deuschl\/\"><small>Vita<\/small><\/a><\/p>\n","protected":false},"excerpt":{"rendered":"<p>Wir freuen uns sehr, Stefan Deuschl als neuen Analysten im M\u00fcnchner B\u00fcro begr\u00fc\u00dfen zu d\u00fcrfen. Herr Deuschl hat zuvor seinen Master-Abschluss in Accounting &amp; Finance an der Universit\u00e4t Klagenfurt erfolgreich abgeschlossen und konnte bereits erste M&amp;A-Erfahrung unter anderem bei Airbus  &#8230;<\/p>\n","protected":false},"author":1,"featured_media":18056,"comment_status":"closed","ping_status":"open","sticky":false,"template":"","format":"standard","meta":{"_acf_changed":false,"footnotes":""},"categories":[1],"tags":[],"class_list":["post-19724","post","type-post","status-publish","format-standard","has-post-thumbnail","hentry","category-news"],"acf":[],"yoast_head":"<!-- This site is optimized with the Yoast SEO plugin v26.4 - https:\/\/yoast.com\/wordpress\/plugins\/seo\/ -->\n<title>Stefan Deuschl \u2013 Neuer Analyst bei Aquin - Aquin<\/title>\n<meta name=\"robots\" content=\"index, follow, max-snippet:-1, max-image-preview:large, max-video-preview:-1\" \/>\n<link rel=\"canonical\" href=\"https:\/\/aquin.com\/de\/stefan-deuschl-neuer-analyst-bei-aquin\/\" \/>\n<meta property=\"og:locale\" content=\"de_DE\" \/>\n<meta property=\"og:type\" content=\"article\" \/>\n<meta property=\"og:title\" content=\"Stefan Deuschl \u2013 Neuer Analyst bei Aquin - Aquin\" \/>\n<meta property=\"og:description\" content=\"Wir freuen uns sehr, Stefan Deuschl als neuen Analysten im M\u00fcnchner B\u00fcro begr\u00fc\u00dfen zu d\u00fcrfen. Herr Deuschl hat zuvor seinen Master-Abschluss in Accounting &amp; Finance an der Universit\u00e4t Klagenfurt erfolgreich abgeschlossen und konnte bereits erste M&amp;A-Erfahrung unter anderem bei Airbus ...\" \/>\n<meta property=\"og:url\" content=\"https:\/\/aquin.com\/de\/stefan-deuschl-neuer-analyst-bei-aquin\/\" \/>\n<meta property=\"og:site_name\" content=\"Aquin\" \/>\n<meta property=\"article:published_time\" content=\"2021-01-07T19:01:56+00:00\" \/>\n<meta property=\"article:modified_time\" content=\"2022-07-11T13:22:58+00:00\" \/>\n<meta property=\"og:image\" content=\"https:\/\/aquin.com\/wp-content\/uploads\/2020\/11\/Portrait_Stefan_01.png\" \/>\n\t<meta property=\"og:image:width\" content=\"891\" \/>\n\t<meta property=\"og:image:height\" content=\"688\" \/>\n\t<meta property=\"og:image:type\" content=\"image\/png\" \/>\n<meta name=\"author\" content=\"p594991\" \/>\n<meta name=\"twitter:card\" content=\"summary_large_image\" \/>\n<meta name=\"twitter:label1\" content=\"Verfasst von\" \/>\n\t<meta name=\"twitter:data1\" content=\"p594991\" \/>\n<script type=\"application\/ld+json\" class=\"yoast-schema-graph\">{\"@context\":\"https:\/\/schema.org\",\"@graph\":[{\"@type\":\"Article\",\"@id\":\"https:\/\/aquin.com\/de\/stefan-deuschl-neuer-analyst-bei-aquin\/#article\",\"isPartOf\":{\"@id\":\"https:\/\/aquin.com\/de\/stefan-deuschl-neuer-analyst-bei-aquin\/\"},\"author\":{\"name\":\"p594991\",\"@id\":\"https:\/\/aquin.com\/de\/#\/schema\/person\/00169b6d90ac454fb416735643585cda\"},\"headline\":\"Stefan Deuschl \u2013 Neuer Analyst bei Aquin\",\"datePublished\":\"2021-01-07T19:01:56+00:00\",\"dateModified\":\"2022-07-11T13:22:58+00:00\",\"mainEntityOfPage\":{\"@id\":\"https:\/\/aquin.com\/de\/stefan-deuschl-neuer-analyst-bei-aquin\/\"},\"wordCount\":59,\"publisher\":{\"@id\":\"https:\/\/aquin.com\/de\/#organization\"},\"image\":{\"@id\":\"https:\/\/aquin.com\/de\/stefan-deuschl-neuer-analyst-bei-aquin\/#primaryimage\"},\"thumbnailUrl\":\"https:\/\/aquin.com\/wp-content\/uploads\/2020\/11\/Portrait_Stefan_01.png\",\"articleSection\":[\"News\"],\"inLanguage\":\"de\"},{\"@type\":\"WebPage\",\"@id\":\"https:\/\/aquin.com\/de\/stefan-deuschl-neuer-analyst-bei-aquin\/\",\"url\":\"https:\/\/aquin.com\/de\/stefan-deuschl-neuer-analyst-bei-aquin\/\",\"name\":\"Stefan Deuschl \u2013 Neuer Analyst bei Aquin - Aquin\",\"isPartOf\":{\"@id\":\"https:\/\/aquin.com\/de\/#website\"},\"primaryImageOfPage\":{\"@id\":\"https:\/\/aquin.com\/de\/stefan-deuschl-neuer-analyst-bei-aquin\/#primaryimage\"},\"image\":{\"@id\":\"https:\/\/aquin.com\/de\/stefan-deuschl-neuer-analyst-bei-aquin\/#primaryimage\"},\"thumbnailUrl\":\"https:\/\/aquin.com\/wp-content\/uploads\/2020\/11\/Portrait_Stefan_01.png\",\"datePublished\":\"2021-01-07T19:01:56+00:00\",\"dateModified\":\"2022-07-11T13:22:58+00:00\",\"breadcrumb\":{\"@id\":\"https:\/\/aquin.com\/de\/stefan-deuschl-neuer-analyst-bei-aquin\/#breadcrumb\"},\"inLanguage\":\"de\",\"potentialAction\":[{\"@type\":\"ReadAction\",\"target\":[\"https:\/\/aquin.com\/de\/stefan-deuschl-neuer-analyst-bei-aquin\/\"]}]},{\"@type\":\"ImageObject\",\"inLanguage\":\"de\",\"@id\":\"https:\/\/aquin.com\/de\/stefan-deuschl-neuer-analyst-bei-aquin\/#primaryimage\",\"url\":\"https:\/\/aquin.com\/wp-content\/uploads\/2020\/11\/Portrait_Stefan_01.png\",\"contentUrl\":\"https:\/\/aquin.com\/wp-content\/uploads\/2020\/11\/Portrait_Stefan_01.png\",\"width\":891,\"height\":688},{\"@type\":\"BreadcrumbList\",\"@id\":\"https:\/\/aquin.com\/de\/stefan-deuschl-neuer-analyst-bei-aquin\/#breadcrumb\",\"itemListElement\":[{\"@type\":\"ListItem\",\"position\":1,\"name\":\"Startseite\",\"item\":\"https:\/\/aquin.com\/de\/\"},{\"@type\":\"ListItem\",\"position\":2,\"name\":\"Stefan Deuschl \u2013 Neuer Analyst bei Aquin\"}]},{\"@type\":\"WebSite\",\"@id\":\"https:\/\/aquin.com\/de\/#website\",\"url\":\"https:\/\/aquin.com\/de\/\",\"name\":\"Aquin\",\"description\":\"\",\"publisher\":{\"@id\":\"https:\/\/aquin.com\/de\/#organization\"},\"potentialAction\":[{\"@type\":\"SearchAction\",\"target\":{\"@type\":\"EntryPoint\",\"urlTemplate\":\"https:\/\/aquin.com\/de\/?s={search_term_string}\"},\"query-input\":{\"@type\":\"PropertyValueSpecification\",\"valueRequired\":true,\"valueName\":\"search_term_string\"}}],\"inLanguage\":\"de\"},{\"@type\":\"Organization\",\"@id\":\"https:\/\/aquin.com\/de\/#organization\",\"name\":\"Aquin & Cie. AG\",\"url\":\"https:\/\/aquin.com\/de\/\",\"logo\":{\"@type\":\"ImageObject\",\"inLanguage\":\"de\",\"@id\":\"https:\/\/aquin.com\/de\/#\/schema\/logo\/image\/\",\"url\":\"https:\/\/aquin.com\/wp-content\/uploads\/2021\/07\/AQUIN_Logo_274x60-1.png\",\"contentUrl\":\"https:\/\/aquin.com\/wp-content\/uploads\/2021\/07\/AQUIN_Logo_274x60-1.png\",\"width\":274,\"height\":60,\"caption\":\"Aquin & Cie. AG\"},\"image\":{\"@id\":\"https:\/\/aquin.com\/de\/#\/schema\/logo\/image\/\"}},{\"@type\":\"Person\",\"@id\":\"https:\/\/aquin.com\/de\/#\/schema\/person\/00169b6d90ac454fb416735643585cda\",\"name\":\"p594991\",\"image\":{\"@type\":\"ImageObject\",\"inLanguage\":\"de\",\"@id\":\"https:\/\/aquin.com\/de\/#\/schema\/person\/image\/\",\"url\":\"https:\/\/secure.gravatar.com\/avatar\/3951226d3bf3022f5163d7d3b1cb82b9?s=96&d=mm&r=g\",\"contentUrl\":\"https:\/\/secure.gravatar.com\/avatar\/3951226d3bf3022f5163d7d3b1cb82b9?s=96&d=mm&r=g\",\"caption\":\"p594991\"},\"url\":\"https:\/\/aquin.com\/de\/author\/administrator\/\"}]}<\/script>\n<!-- \/ Yoast SEO plugin. -->","yoast_head_json":{"title":"Stefan Deuschl \u2013 Neuer Analyst bei Aquin - Aquin","robots":{"index":"index","follow":"follow","max-snippet":"max-snippet:-1","max-image-preview":"max-image-preview:large","max-video-preview":"max-video-preview:-1"},"canonical":"https:\/\/aquin.com\/de\/stefan-deuschl-neuer-analyst-bei-aquin\/","og_locale":"de_DE","og_type":"article","og_title":"Stefan Deuschl \u2013 Neuer Analyst bei Aquin - Aquin","og_description":"Wir freuen uns sehr, Stefan Deuschl als neuen Analysten im M\u00fcnchner B\u00fcro begr\u00fc\u00dfen zu d\u00fcrfen. Herr Deuschl hat zuvor seinen Master-Abschluss in Accounting &amp; Finance an der Universit\u00e4t Klagenfurt erfolgreich abgeschlossen und konnte bereits erste M&amp;A-Erfahrung unter anderem bei Airbus ...","og_url":"https:\/\/aquin.com\/de\/stefan-deuschl-neuer-analyst-bei-aquin\/","og_site_name":"Aquin","article_published_time":"2021-01-07T19:01:56+00:00","article_modified_time":"2022-07-11T13:22:58+00:00","og_image":[{"width":891,"height":688,"url":"https:\/\/aquin.com\/wp-content\/uploads\/2020\/11\/Portrait_Stefan_01.png","type":"image\/png"}],"author":"p594991","twitter_card":"summary_large_image","twitter_misc":{"Verfasst von":"p594991"},"schema":{"@context":"https:\/\/schema.org","@graph":[{"@type":"Article","@id":"https:\/\/aquin.com\/de\/stefan-deuschl-neuer-analyst-bei-aquin\/#article","isPartOf":{"@id":"https:\/\/aquin.com\/de\/stefan-deuschl-neuer-analyst-bei-aquin\/"},"author":{"name":"p594991","@id":"https:\/\/aquin.com\/de\/#\/schema\/person\/00169b6d90ac454fb416735643585cda"},"headline":"Stefan Deuschl \u2013 Neuer Analyst bei Aquin","datePublished":"2021-01-07T19:01:56+00:00","dateModified":"2022-07-11T13:22:58+00:00","mainEntityOfPage":{"@id":"https:\/\/aquin.com\/de\/stefan-deuschl-neuer-analyst-bei-aquin\/"},"wordCount":59,"publisher":{"@id":"https:\/\/aquin.com\/de\/#organization"},"image":{"@id":"https:\/\/aquin.com\/de\/stefan-deuschl-neuer-analyst-bei-aquin\/#primaryimage"},"thumbnailUrl":"https:\/\/aquin.com\/wp-content\/uploads\/2020\/11\/Portrait_Stefan_01.png","articleSection":["News"],"inLanguage":"de"},{"@type":"WebPage","@id":"https:\/\/aquin.com\/de\/stefan-deuschl-neuer-analyst-bei-aquin\/","url":"https:\/\/aquin.com\/de\/stefan-deuschl-neuer-analyst-bei-aquin\/","name":"Stefan Deuschl \u2013 Neuer Analyst bei Aquin - Aquin","isPartOf":{"@id":"https:\/\/aquin.com\/de\/#website"},"primaryImageOfPage":{"@id":"https:\/\/aquin.com\/de\/stefan-deuschl-neuer-analyst-bei-aquin\/#primaryimage"},"image":{"@id":"https:\/\/aquin.com\/de\/stefan-deuschl-neuer-analyst-bei-aquin\/#primaryimage"},"thumbnailUrl":"https:\/\/aquin.com\/wp-content\/uploads\/2020\/11\/Portrait_Stefan_01.png","datePublished":"2021-01-07T19:01:56+00:00","dateModified":"2022-07-11T13:22:58+00:00","breadcrumb":{"@id":"https:\/\/aquin.com\/de\/stefan-deuschl-neuer-analyst-bei-aquin\/#breadcrumb"},"inLanguage":"de","potentialAction":[{"@type":"ReadAction","target":["https:\/\/aquin.com\/de\/stefan-deuschl-neuer-analyst-bei-aquin\/"]}]},{"@type":"ImageObject","inLanguage":"de","@id":"https:\/\/aquin.com\/de\/stefan-deuschl-neuer-analyst-bei-aquin\/#primaryimage","url":"https:\/\/aquin.com\/wp-content\/uploads\/2020\/11\/Portrait_Stefan_01.png","contentUrl":"https:\/\/aquin.com\/wp-content\/uploads\/2020\/11\/Portrait_Stefan_01.png","width":891,"height":688},{"@type":"BreadcrumbList","@id":"https:\/\/aquin.com\/de\/stefan-deuschl-neuer-analyst-bei-aquin\/#breadcrumb","itemListElement":[{"@type":"ListItem","position":1,"name":"Startseite","item":"https:\/\/aquin.com\/de\/"},{"@type":"ListItem","position":2,"name":"Stefan Deuschl \u2013 Neuer Analyst bei Aquin"}]},{"@type":"WebSite","@id":"https:\/\/aquin.com\/de\/#website","url":"https:\/\/aquin.com\/de\/","name":"Aquin","description":"","publisher":{"@id":"https:\/\/aquin.com\/de\/#organization"},"potentialAction":[{"@type":"SearchAction","target":{"@type":"EntryPoint","urlTemplate":"https:\/\/aquin.com\/de\/?s={search_term_string}"},"query-input":{"@type":"PropertyValueSpecification","valueRequired":true,"valueName":"search_term_string"}}],"inLanguage":"de"},{"@type":"Organization","@id":"https:\/\/aquin.com\/de\/#organization","name":"Aquin & Cie. AG","url":"https:\/\/aquin.com\/de\/","logo":{"@type":"ImageObject","inLanguage":"de","@id":"https:\/\/aquin.com\/de\/#\/schema\/logo\/image\/","url":"https:\/\/aquin.com\/wp-content\/uploads\/2021\/07\/AQUIN_Logo_274x60-1.png","contentUrl":"https:\/\/aquin.com\/wp-content\/uploads\/2021\/07\/AQUIN_Logo_274x60-1.png","width":274,"height":60,"caption":"Aquin & Cie. AG"},"image":{"@id":"https:\/\/aquin.com\/de\/#\/schema\/logo\/image\/"}},{"@type":"Person","@id":"https:\/\/aquin.com\/de\/#\/schema\/person\/00169b6d90ac454fb416735643585cda","name":"p594991","image":{"@type":"ImageObject","inLanguage":"de","@id":"https:\/\/aquin.com\/de\/#\/schema\/person\/image\/","url":"https:\/\/secure.gravatar.com\/avatar\/3951226d3bf3022f5163d7d3b1cb82b9?s=96&d=mm&r=g","contentUrl":"https:\/\/secure.gravatar.com\/avatar\/3951226d3bf3022f5163d7d3b1cb82b9?s=96&d=mm&r=g","caption":"p594991"},"url":"https:\/\/aquin.com\/de\/author\/administrator\/"}]}},"_links":{"self":[{"href":"https:\/\/aquin.com\/de\/wp-json\/wp\/v2\/posts\/19724","targetHints":{"allow":["GET"]}}],"collection":[{"href":"https:\/\/aquin.com\/de\/wp-json\/wp\/v2\/posts"}],"about":[{"href":"https:\/\/aquin.com\/de\/wp-json\/wp\/v2\/types\/post"}],"author":[{"embeddable":true,"href":"https:\/\/aquin.com\/de\/wp-json\/wp\/v2\/users\/1"}],"replies":[{"embeddable":true,"href":"https:\/\/aquin.com\/de\/wp-json\/wp\/v2\/comments?post=19724"}],"version-history":[{"count":2,"href":"https:\/\/aquin.com\/de\/wp-json\/wp\/v2\/posts\/19724\/revisions"}],"predecessor-version":[{"id":19738,"href":"https:\/\/aquin.com\/de\/wp-json\/wp\/v2\/posts\/19724\/revisions\/19738"}],"wp:featuredmedia":[{"embeddable":true,"href":"https:\/\/aquin.com\/de\/wp-json\/wp\/v2\/media\/18056"}],"wp:attachment":[{"href":"https:\/\/aquin.com\/de\/wp-json\/wp\/v2\/media?parent=19724"}],"wp:term":[{"taxonomy":"category","embeddable":true,"href":"https:\/\/aquin.com\/de\/wp-json\/wp\/v2\/categories?post=19724"},{"taxonomy":"post_tag","embeddable":true,"href":"https:\/\/aquin.com\/de\/wp-json\/wp\/v2\/tags?post=19724"}],"curies":[{"name":"wp","href":"https:\/\/api.w.org\/{rel}","templated":true}]}}